{"id":779,"date":"2022-04-05T15:08:50","date_gmt":"2022-04-05T13:08:50","guid":{"rendered":"http:\/\/gemeinwohlyoga.de\/?p=779"},"modified":"2023-07-19T15:29:23","modified_gmt":"2023-07-19T13:29:23","slug":"pilgerbrief-6-3-2022","status":"publish","type":"post","link":"http:\/\/gemeinwohlyoga.de\/index.php\/2022\/04\/05\/pilgerbrief-6-3-2022\/","title":{"rendered":"Pilgerbrief, 6.3.2022"},"content":{"rendered":"\n<p>Liebe Mitpilgernde,<\/p>\n\n\n\n<p>eigentlich solltet Ihr l\u00e4ngst Nachrichten von mir aus Spanien erhalten haben.<\/p>\n\n\n\n<p>Doch angesichts des Krieges in der Ukraine und besonders des Angriffs der russischen Armee auf ein Atomkraftwerk musste ich leider meine geplante Pilgerreise auf dem Jakobsweg in Katalonien absagen. Ich h\u00e4tte die atomare Bedrohung, die \u00fcber uns allen zumindest hier in Mitteleuropa schwebt, nicht ausblenden k\u00f6nnen, ebenso wenig wie das unfassbare Leid, dass der \u00dcberfall des russischen Milit\u00e4rs auf die Ukraine vielen Menschen bereitet.<\/p>\n\n\n\n<p>In dieser bedrohlichen Zeit m\u00f6chte ich bei denen sein, die mir am Herzen liegen, die Angst teilen, und nach Wegen suchen, wie Krieg und milit\u00e4risches Wettr\u00fcsten ein Ende finden.<\/p>\n\n\n\n<p>Am wichtigsten scheint mir derzeit, sich nicht von den Schreckensbildern des Krieges l\u00e4hmen zu lassen. Ich schaue mir deswegen keine Nachrichtensendungen im Fernsehen an. Aber ich finde es wichtig, mich \u00fcbers Radio auf dem Laufenden zu halten.<\/p>\n\n\n\n<p>Wichtig finde ich au\u00dferdem, dass wir uns nicht in die milit\u00e4rische Logik einbinden lassen. Noch nie hat Waffengewalt Konflikte gel\u00f6st, statt dessen war sie Ursache von uns\u00e4glichem Leid f\u00fcr viele Menschen und hat zudem die Ursache f\u00fcr sp\u00e4tere Konflikte und Kriege geschaffen.<\/p>\n\n\n\n<p>Ich habe meine S\u00f6hne daher angehalten, den Kriegsdienst zu verweigern ( was sie auch tun werden bzw. schon getan haben); dies ist \u00fcbrigens auch f\u00fcr Frauen m\u00f6glich! N\u00e4here Informationen findet Ihr beim Bundesamt f\u00fcr Familie und zivilgesellschaftliche Aufgaben unter: <a href=\"http:\/\/www.bafza.de\/rat-und-hilfe\/kriegsdienstverweigerung-zivildienst\">www.bafza.de\/rat-und-hilfe\/kriegsdienstverweigerung-zivildienst<\/a>.<\/p>\n\n\n\n<p>Wir ben\u00f6tigen au\u00dferdem ein verteidigungspolitisches Konzept, das nicht auf Waffengewalt und Abschreckung beruht, wie etwa die soziale Verteidigung und der zivile Friedensdienst (ZFD) .<\/p>\n\n\n\n<p>N\u00e4here Informationen dazu findet Ihr beim Bund f\u00fcr soziale Verteidigung unter <a href=\"https:\/\/soziale-verteidigung.de\/\">https:\/\/soziale-verteidigung.de\/<\/a> und \u00fcber den ZFD sowie \u00fcber Hilfe des zivilen Friedensdienstes in der Ukraine unter <a href=\"https:\/\/deref-gmx.net\/mail\/client\/HXvGfT1BD4Y\/dereferrer\/?redirectUrl=https%3A%2F%2Fwww.forumzfd.de%2Fde%2FAngriffUkraine\" target=\"_blank\" rel=\"noreferrer noopener\">https:\/\/www.forumzfd.de\/de\/AngriffUkraine<\/a> .<\/p>\n\n\n\n<p>In meinem Yoga- Newsletter werde ich meine \u00dcberlegungen mit Euch teilen,welchen Beitrag Yoga und Meditation dazu leisten kann. Wer daran interessiert ist und den Newsletter noch nicht bestellt hat, schicke mir bitte eine Nachricht.<\/p>\n\n\n\n<p><\/p>\n\n\n\n<p>Bleibt gesund und behaltet Eure Lebensfreude,<\/p>\n\n\n\n<p>herzliche Gr\u00fc\u00dfe,<\/p>\n\n\n\n<p>Ulrich<\/p>\n\n\n\n<p><\/p>\n","protected":false},"excerpt":{"rendered":"<p>Liebe Mitpilgernde, eigentlich solltet Ihr l\u00e4ngst Nachrichten von mir aus Spanien erhalten haben. Doch angesichts des Krieges in der Ukraine und besonders des Angriffs der russischen Armee auf ein Atomkraftwerk musste ich leider meine geplante Pilgerreise auf dem Jakobsweg in Katalonien absagen. Ich h\u00e4tte die atomare Bedrohung, die \u00fcber uns&hellip; <\/p>\n","protected":false},"author":2,"featured_media":0,"comment_status":"closed","ping_status":"open","sticky":false,"template":"","format":"standard","meta":[],"categories":[19,6],"tags":[],"_links":{"self":[{"href":"http:\/\/gemeinwohlyoga.de\/index.php\/wp-json\/wp\/v2\/posts\/779"}],"collection":[{"href":"http:\/\/gemeinwohlyoga.de\/index.php\/wp-json\/wp\/v2\/posts"}],"about":[{"href":"http:\/\/gemeinwohlyoga.de\/index.php\/wp-json\/wp\/v2\/types\/post"}],"author":[{"embeddable":true,"href":"http:\/\/gemeinwohlyoga.de\/index.php\/wp-json\/wp\/v2\/users\/2"}],"replies":[{"embeddable":true,"href":"http:\/\/gemeinwohlyoga.de\/index.php\/wp-json\/wp\/v2\/comments?post=779"}],"version-history":[{"count":2,"href":"http:\/\/gemeinwohlyoga.de\/index.php\/wp-json\/wp\/v2\/posts\/779\/revisions"}],"predecessor-version":[{"id":781,"href":"http:\/\/gemeinwohlyoga.de\/index.php\/wp-json\/wp\/v2\/posts\/779\/revisions\/781"}],"wp:attachment":[{"href":"http:\/\/gemeinwohlyoga.de\/index.php\/wp-json\/wp\/v2\/media?parent=779"}],"wp:term":[{"taxonomy":"category","embeddable":true,"href":"http:\/\/gemeinwohlyoga.de\/index.php\/wp-json\/wp\/v2\/categories?post=779"},{"taxonomy":"post_tag","embeddable":true,"href":"http:\/\/gemeinwohlyoga.de\/index.php\/wp-json\/wp\/v2\/tags?post=779"}],"curies":[{"name":"wp","href":"https:\/\/api.w.org\/{rel}","templated":true}]}}