{"id":756,"date":"2020-08-22T13:30:17","date_gmt":"2020-08-22T11:30:17","guid":{"rendered":"http:\/\/gemeinwohlyoga.de\/?p=756"},"modified":"2020-08-22T14:32:23","modified_gmt":"2020-08-22T12:32:23","slug":"pilgernewsletter","status":"publish","type":"post","link":"http:\/\/gemeinwohlyoga.de\/index.php\/2020\/08\/22\/pilgernewsletter\/","title":{"rendered":"Pilgernewsletter"},"content":{"rendered":"\n<p>Im Juli bin ich den \u00f6kumenischen Jakobsweg auf der Via Regia von G\u00f6rlitz nach Erfurt gelaufen. W\u00e4hrend dieser Pilgerreise habe ich ann\u00e4hernd t\u00e4glich <strong>Pilgerbriefe<\/strong>, insgesamt zweiundzwanzig,  verfasst, die ich allen Interessierten zugeschickt habe.  <\/p>\n\n\n\n<p>Im September m\u00f6chte ich diese <strong>Pilgerreise<\/strong> auf der Via Regia von Erfurt in Richtung Frankfurt\/Main f\u00fcr etwa zwei Wochen<strong> fortsetzen<\/strong>. Ich lade alle Interessierten ein, mich mit Hilfe meiner Pilgerbriefe zu begleiten. In unregelm\u00e4\u00dfigen Abst\u00e4nden schreibe ich kleine Impressionen, Erlebnisse und Reflexionen von meiner Pilgerschaft. <\/p>\n\n\n\n<p>W\u00e4hrend dieser Pilgerreise habe ich viel Material an Erlebnissen und Hintergrundinformationen gesammelt, das ich im Herbst und Winter auswerten m\u00f6chte. Daraus soll dann ein <strong>weiteres<\/strong> <strong>Buch<\/strong> entstehen. <\/p>\n\n\n\n<p>Einen Erz\u00e4hlstrang werden dann die Pilgerbriefe und meine Erlebnissen bilden. Ein anderer Erz\u00e4hlstrang werden die Geschichten sein, die der Weg selbst erz\u00e4hlt, zum Beispiel in Form der vielen Spuren von Menschen, die in fr\u00fcheren Zeiten auf der Via Regia unterwegs waren. Viele Jahrhunderte, sogar Jahrtausende reichen ihre Spuren zur\u00fcck und sprechen noch heute zu uns. Ihnen m\u00f6chte ich wieder eine Stimme geben. Ein weiterer Erz\u00e4hlstrang soll aus  aktuellen Geschehnissen rund um die Via Regia entstehen. <\/p>\n\n\n\n<p><\/p>\n\n\n\n<p><\/p>\n\n\n\n<p>Durch den Erhalt der Pilgerbriefe k\u00f6nnen Sie die Entstehung dieses Buches bereits in seinen Anf\u00e4ngen miterleben.<\/p>\n\n\n\n<p>Wer den Pilgernewsletter erhalten m\u00f6chte, schicke mir bitte eine leere Mail (ohne Betreff und ohne Text) an pilgern-subscribe@yoga-individuell.de . Sie erhalten kurz danach eine E-Mail, in der Sie den Link zur Best\u00e4tigung finden. Um die Zusendung zu aktivieren, m\u00fcssen Sie mir die Best\u00e4tigung zuschicken. <\/p>\n\n\n\n<p>Diejenigen, die sich bereits f\u00fcr den Pilgernewsletter angemeldet haben, bleiben im Verteiler, sofern sie sich nicht abmelden. Wer den Pilgernewsletter  nicht mehr erhalten m\u00f6chte, schreibt mir eine leere Mail an pilgern-unsubscribe@yoga-individuell.de . Sie werden dann automatisch aus dem Verteiler genommen.<\/p>\n\n\n\n<p>Ich freue mich darauf, mit Ihnen gemeinsam unsere n\u00e4here Umgebung (neu) zu entdecken.<\/p>\n\n\n\n<p>Herzliche Gr\u00fc\u00dfe,<\/p>\n\n\n\n<p>Ulrich Fritsch<\/p>\n\n\n\n<p><\/p>\n","protected":false},"excerpt":{"rendered":"<p>Im Juli bin ich den \u00f6kumenischen Jakobsweg auf der Via Regia von G\u00f6rlitz nach Erfurt gelaufen. W\u00e4hrend dieser Pilgerreise habe ich ann\u00e4hernd t\u00e4glich Pilgerbriefe, insgesamt zweiundzwanzig, verfasst, die ich allen Interessierten zugeschickt habe. Im September m\u00f6chte ich diese Pilgerreise auf der Via Regia von Erfurt in Richtung Frankfurt\/Main f\u00fcr etwa&hellip; <\/p>\n","protected":false},"author":2,"featured_media":0,"comment_status":"closed","ping_status":"open","sticky":false,"template":"","format":"standard","meta":[],"categories":[18,13,19],"tags":[],"_links":{"self":[{"href":"http:\/\/gemeinwohlyoga.de\/index.php\/wp-json\/wp\/v2\/posts\/756"}],"collection":[{"href":"http:\/\/gemeinwohlyoga.de\/index.php\/wp-json\/wp\/v2\/posts"}],"about":[{"href":"http:\/\/gemeinwohlyoga.de\/index.php\/wp-json\/wp\/v2\/types\/post"}],"author":[{"embeddable":true,"href":"http:\/\/gemeinwohlyoga.de\/index.php\/wp-json\/wp\/v2\/users\/2"}],"replies":[{"embeddable":true,"href":"http:\/\/gemeinwohlyoga.de\/index.php\/wp-json\/wp\/v2\/comments?post=756"}],"version-history":[{"count":12,"href":"http:\/\/gemeinwohlyoga.de\/index.php\/wp-json\/wp\/v2\/posts\/756\/revisions"}],"predecessor-version":[{"id":772,"href":"http:\/\/gemeinwohlyoga.de\/index.php\/wp-json\/wp\/v2\/posts\/756\/revisions\/772"}],"wp:attachment":[{"href":"http:\/\/gemeinwohlyoga.de\/index.php\/wp-json\/wp\/v2\/media?parent=756"}],"wp:term":[{"taxonomy":"category","embeddable":true,"href":"http:\/\/gemeinwohlyoga.de\/index.php\/wp-json\/wp\/v2\/categories?post=756"},{"taxonomy":"post_tag","embeddable":true,"href":"http:\/\/gemeinwohlyoga.de\/index.php\/wp-json\/wp\/v2\/tags?post=756"}],"curies":[{"name":"wp","href":"https:\/\/api.w.org\/{rel}","templated":true}]}}