{"id":636,"date":"2018-10-12T13:14:27","date_gmt":"2018-10-12T11:14:27","guid":{"rendered":"http:\/\/gemeinwohlyoga.de\/?p=636"},"modified":"2018-10-12T13:14:27","modified_gmt":"2018-10-12T11:14:27","slug":"wohl-wirksam-visionaer-erprobungen-fuer-den-wandel","status":"publish","type":"post","link":"http:\/\/gemeinwohlyoga.de\/index.php\/2018\/10\/12\/wohl-wirksam-visionaer-erprobungen-fuer-den-wandel\/","title":{"rendered":"wohl.wirksam.vision\u00e4r &#8211; Erprobungen f\u00fcr den Wandel"},"content":{"rendered":"<p><em>wohl.vision\u00e4r.wirksam <\/em><strong>\u2013 Erprobungen f\u00fcr den Wandel<\/strong><\/p>\n<p align=\"justify\"><span style=\"font-family: Arial, serif;\"><span style=\"font-size: medium;\">Die Initiative <\/span><\/span><span style=\"font-family: Arial, serif;\"><span style=\"font-size: medium;\"><i>wohl.vision\u00e4r.wirksam<\/i><\/span><\/span><span style=\"font-family: Arial, serif;\"><span style=\"font-size: medium;\">. hat sich als Ergebnis der Regionalkonferenz 2017 gefunden, um zu erforschen, was der K\u00f6rper zum Thema \u201enachhaltig handeln\u201c beizutragen h\u00e4tte, w\u00fcrden wir ihn bewusst wahrnehmen und ausdr\u00fccklich <\/span><\/span><span style=\"font-family: Arial, serif;\"><span style=\"font-size: medium;\"><i>sprechen<\/i><\/span><\/span> <span style=\"font-family: Arial, serif;\"><span style=\"font-size: medium;\">lassen: Inwiefern w\u00fcrden wir uns <\/span><\/span><span style=\"font-family: Arial, serif;\"><span style=\"font-size: medium;\"><i>wohl<\/i><\/span><\/span> <span style=\"font-family: Arial, serif;\"><span style=\"font-size: medium;\">f\u00fchlen, wenn wir unseren K\u00f6rper mit ins Spiel bringen w\u00fcrden? Welche <\/span><\/span><span style=\"font-family: Arial, serif;\"><span style=\"font-size: medium;\"><i>vision\u00e4ren<\/i><\/span><\/span> <span style=\"font-family: Arial, serif;\"><span style=\"font-size: medium;\">Perspektiven auf das Thema k\u00f6nnten wir gewinnen? Und inwiefern k\u00f6nnten auf diese Weise Modelle entwickelt werden, mit denen wir auch politisch <\/span><\/span><span style=\"font-family: Arial, serif;\"><span style=\"font-size: medium;\"><i>wirksam<\/i><\/span><\/span> <span style=\"font-family: Arial, serif;\"><span style=\"font-size: medium;\">werden k\u00f6nnen? Inwiefern w\u00e4re also eine <\/span><\/span><span style=\"font-family: Arial, serif;\"><span style=\"font-size: medium;\"><i>andere<\/i><\/span><\/span> <span style=\"font-family: Arial, serif;\"><span style=\"font-size: medium;\">Zukunftsentwicklung m\u00f6glich, wenn \u00fcber die kognitiven Informationen hinaus ein k\u00f6rperliches Teilhaben erm\u00f6glicht w\u00fcrde?<\/span><\/span><\/p>\n<p align=\"justify\"><span style=\"font-family: Arial, serif;\"><span style=\"font-size: medium;\">In einer sehr heterogenen Gruppe haben wir dazu \u00fcber das Jahr hinweg unterschiedliche Fragestellungen und Aufgaben entwickelt, an denen wir in der Regionalkonferenz 2018 die Workshop-Teilnehmenden teilhaben lassen m\u00f6chten, um so ein Handwerkszeug f\u00fcr den Wandel zu entwickeln, das unsere zentralen k\u00f6rperlichen Prozesse mit einbezieht.<\/span><\/span><\/p>\n<p align=\"justify\"><span style=\"font-family: Arial, serif;\"><span style=\"font-size: medium;\"><b>Die Lust, f\u00fcr zuk\u00fcnftige Generationen zu gestalten <\/b><\/span><\/span><\/p>\n<p align=\"justify\"><span style=\"font-family: Arial, serif;\"><span style=\"font-size: medium;\">Mit dem K\u00f6rper f\u00fchlen wir, mit dem K\u00f6rper dr\u00fccken wir uns aus. Je feiner wir f\u00fchlen und je achtsamer wir unsere Empfindungen wahrnehmen, desto feinf\u00fchliger werden wir auch anderen Menschen und allen Lebewesen gegen\u00fcber. Sich selbst und andere sp\u00fcren zu k\u00f6nnen, bildet die Voraussetzung f\u00fcr einen respektvollen und wertsch\u00e4tzenden Umgang mit sich selbst, miteinander und mit der Natur. Mit zunehmender Sensibilit\u00e4t und Achtsamkeit stellen wir fest, dass wir etwas bewirken k\u00f6nnen, denn wir nehmen die Resonanz auf unser Handeln immer differenzierter wahr und am wichtigsten: Wir erleben uns mit uns selbst und mit unserer Umwelt verbunden. Achtsam ausgef\u00fchrte K\u00f6rperhaltungen und Bewegungen k\u00f6nnen dazu beitragen, unseren Gef\u00fchlsreichtum zu entdecken, setzen unser kreatives Potenzial frei, f\u00f6rdern die Lust am Bewegen und Gestalten und bewirken unser <\/span><\/span><span style=\"font-family: Arial, serif;\"><span style=\"font-size: medium;\"><b>Wohl<\/b><\/span><\/span><span style=\"font-family: Arial, serif;\"><span style=\"font-size: medium;\">Sein. <\/span><\/span><span style=\"color: #000000;\"><span style=\"font-family: Arial, serif;\"><span style=\"font-size: medium;\">Im spielerischen Bewegen experimentieren wir mit unserer Haltung zu der Frage,<\/span><\/span><\/span> <span style=\"color: #000000;\"><span style=\"font-family: Arial, serif;\"><span style=\"font-size: medium;\">was und wie wir f\u00fcr zuk\u00fcnftige Generationen gestalten m\u00f6chten. Aus wechselnden Standpunkten entdecken wir neue Sichtweisen, entwickeln <\/span><\/span><\/span><span style=\"color: #000000;\"><span style=\"font-family: Arial, serif;\"><span style=\"font-size: medium;\"><b>vision\u00e4r<\/b><\/span><\/span><\/span><span style=\"color: #000000;\"><span style=\"font-family: Arial, serif;\"><span style=\"font-size: medium;\">e Entw\u00fcrfe, die wir in unseren Projekten <\/span><\/span><\/span><span style=\"color: #000000;\"><span style=\"font-family: Arial, serif;\"><span style=\"font-size: medium;\"><b>wirksam<\/b><\/span><\/span><\/span> <span style=\"color: #000000;\"><span style=\"font-family: Arial, serif;\"><span style=\"font-size: medium;\">werden lassen k\u00f6nnen.<\/span><\/span><\/span><\/p>\n<p align=\"justify\"><span style=\"font-family: Arial, serif;\"><span style=\"font-size: medium;\">F\u00fcr zuk\u00fcnftige Generationen zu gestalten bedeutet <\/span><\/span><\/p>\n<p align=\"justify\"><span style=\"font-family: Arial, serif;\"><span style=\"font-size: medium;\"><u>auf der individuellen Ebene<\/u><\/span><\/span><\/p>\n<ul>\n<li>\n<p align=\"justify\"><span style=\"font-family: Arial, serif;\"><span style=\"font-size: medium;\">zu sp\u00fcren, dass intensives k\u00f6rperliches Erleben zu gr\u00f6\u00dferem Erlebnisreichtum und gr\u00f6\u00dferer Lebensqualit\u00e4t f\u00fchrt<\/span><\/span><\/p>\n<\/li>\n<li>\n<p align=\"justify\"><span style=\"font-family: Arial, serif;\"><span style=\"font-size: medium;\">zu erfahren, dass dazu immer weniger materielle Ressourcen n\u00f6tig sind<\/span><\/span><\/p>\n<\/li>\n<li>\n<p align=\"justify\"><span style=\"font-family: Arial, serif;\"><span style=\"font-size: medium;\">zu lernen, wie man mit sich selbst und der Umwelt verbunden ist<\/span><\/span><\/p>\n<\/li>\n<li>\n<p align=\"justify\"><span style=\"font-family: Arial, serif;\"><span style=\"font-size: medium;\">die Ungewissheit des Lebens kreativ nutzen zu k\u00f6nnen<\/span><\/span><\/p>\n<\/li>\n<li>\n<p align=\"justify\"><span style=\"font-family: Arial, serif;\"><span style=\"font-size: medium;\">zu erkennen, welches Handeln f\u00fcr mich angemessen ist und <\/span><\/span><\/p>\n<\/li>\n<li>\n<p align=\"justify\"><span style=\"font-family: Arial, serif;\"><span style=\"font-size: medium;\">wahrzunehmen, dass ich etwas bewirken kann.<\/span><\/span><\/p>\n<\/li>\n<\/ul>\n<p align=\"justify\"><span style=\"font-family: Arial, serif;\"><span style=\"font-size: medium;\"><u>auf der kollektiven Ebene<\/u><\/span><\/span><\/p>\n<ul>\n<li>\n<p align=\"justify\"><span style=\"font-family: Arial, serif;\"><span style=\"font-size: medium;\">eine nachhaltige Wirtschaftsweise zu entwickeln, die dem Gemeinwohl verpflichtet ist<\/span><\/span><\/p>\n<\/li>\n<li>\n<p align=\"justify\"><span style=\"font-family: Arial, serif;\"><span style=\"font-size: medium;\">vielf\u00e4ltigere demokratische Mitwirkungsm\u00f6glichkeiten zu erm\u00f6glichen sowie<\/span><\/span><\/p>\n<\/li>\n<li>\n<p align=\"justify\"><span style=\"font-family: Arial, serif;\"><span style=\"font-size: medium;\">f\u00fcr eine gerechtere Verteilung von Geld und Besitz zu sorgen.<\/span><\/span><\/p>\n<\/li>\n<\/ul>\n<p align=\"justify\"><span style=\"font-family: Arial, serif;\"><span style=\"font-size: medium;\">Der Gestaltungsprozess des politisches Handelns w\u00fcrde dann mehr Lust, Mut, Anteilnahme und Miteinander freilegen, wenn er sinnlicher und an k\u00fcnstlerischen Prozessen orientiert w\u00e4re, denn der K\u00f6rper ist die Basis unseres Handelns und die Kunst erm\u00f6glicht es, auch Schr\u00e4ges und Schrilles, kurz: \u00dcberraschendes zu entwerfen! <\/span><\/span><\/p>\n<p align=\"justify\"><span style=\"font-family: Arial, serif;\"><span style=\"font-size: medium;\">In diesem Sinne wollen wir in unserem Workshop Wege erfahrbar machen, wie wir mit Fantasie und Freude es uns nicht nur pers\u00f6nlich <\/span><\/span><span style=\"font-family: Arial, serif;\"><span style=\"font-size: medium;\"><b>wohl<\/b><\/span><\/span> <span style=\"font-family: Arial, serif;\"><span style=\"font-size: medium;\">ergehen lassen, sondern auch <\/span><\/span><span style=\"font-family: Arial, serif;\"><span style=\"font-size: medium;\"><b>vision\u00e4r<\/b><\/span><\/span> <span style=\"font-family: Arial, serif;\"><span style=\"font-size: medium;\"><b>wirksam<\/b><\/span><\/span> <span style=\"font-family: Arial, serif;\"><span style=\"font-size: medium;\">werden k\u00f6nnen.<\/span><\/span><\/p>\n","protected":false},"excerpt":{"rendered":"<p>wohl.vision\u00e4r.wirksam \u2013 Erprobungen f\u00fcr den Wandel Die Initiative wohl.vision\u00e4r.wirksam. hat sich als Ergebnis der Regionalkonferenz 2017 gefunden, um zu erforschen, was der K\u00f6rper zum Thema \u201enachhaltig handeln\u201c beizutragen h\u00e4tte, w\u00fcrden wir ihn bewusst wahrnehmen und ausdr\u00fccklich sprechen lassen: Inwiefern w\u00fcrden wir uns wohl f\u00fchlen, wenn wir unseren K\u00f6rper mit ins&hellip; <\/p>\n","protected":false},"author":2,"featured_media":0,"comment_status":"open","ping_status":"open","sticky":false,"template":"","format":"standard","meta":[],"categories":[11],"tags":[],"_links":{"self":[{"href":"http:\/\/gemeinwohlyoga.de\/index.php\/wp-json\/wp\/v2\/posts\/636"}],"collection":[{"href":"http:\/\/gemeinwohlyoga.de\/index.php\/wp-json\/wp\/v2\/posts"}],"about":[{"href":"http:\/\/gemeinwohlyoga.de\/index.php\/wp-json\/wp\/v2\/types\/post"}],"author":[{"embeddable":true,"href":"http:\/\/gemeinwohlyoga.de\/index.php\/wp-json\/wp\/v2\/users\/2"}],"replies":[{"embeddable":true,"href":"http:\/\/gemeinwohlyoga.de\/index.php\/wp-json\/wp\/v2\/comments?post=636"}],"version-history":[{"count":1,"href":"http:\/\/gemeinwohlyoga.de\/index.php\/wp-json\/wp\/v2\/posts\/636\/revisions"}],"predecessor-version":[{"id":637,"href":"http:\/\/gemeinwohlyoga.de\/index.php\/wp-json\/wp\/v2\/posts\/636\/revisions\/637"}],"wp:attachment":[{"href":"http:\/\/gemeinwohlyoga.de\/index.php\/wp-json\/wp\/v2\/media?parent=636"}],"wp:term":[{"taxonomy":"category","embeddable":true,"href":"http:\/\/gemeinwohlyoga.de\/index.php\/wp-json\/wp\/v2\/categories?post=636"},{"taxonomy":"post_tag","embeddable":true,"href":"http:\/\/gemeinwohlyoga.de\/index.php\/wp-json\/wp\/v2\/tags?post=636"}],"curies":[{"name":"wp","href":"https:\/\/api.w.org\/{rel}","templated":true}]}}