{"id":475,"date":"2017-04-13T11:46:16","date_gmt":"2017-04-13T09:46:16","guid":{"rendered":"http:\/\/gemeinwohlyoga.de\/?p=475"},"modified":"2017-04-13T11:52:01","modified_gmt":"2017-04-13T09:52:01","slug":"newsletter-april-2017","status":"publish","type":"post","link":"http:\/\/gemeinwohlyoga.de\/index.php\/2017\/04\/13\/newsletter-april-2017\/","title":{"rendered":"Newsletter April 2017"},"content":{"rendered":"<p>&nbsp;<\/p>\n<p>Liebe Yoga-Interessierte,<\/p>\n<p>das eigene Leben selbst gestalten zu k\u00f6nnen geht einher mit einem starken Gef\u00fchl der Zufriedenheit und der Lust, einer Lust an einem erf\u00fcllten Leben. Dazu m\u00f6chte uns Yoga bef\u00e4higen. In der modernen Hirnforschung wird diese F\u00e4higkeit \u201aSelbststeuerung\u2018 genannt und stellt eine wesentliche Voraussetzung f\u00fcr die Entwicklung eines freien Willens dar. Sie steht im Mittelpunkt der neuen Kurse.<\/p>\n<p><b>1.Die n\u00e4chsten Kurse<\/b><\/p>\n<p>finden in Lich zu folgenden Zeiten statt:<\/p>\n<p>Kurs 1: Montag, 18.30 \u2013 20.00 Uhr<\/p>\n<p>Kurs 2: Mittwoch, 18.00 \u2013 19.30 Uhr<\/p>\n<p><u>Kursbeginn:<\/u> Montag, 24.4. und Mittwoch, 26.4.2017<\/p>\n<p><u>Preis:<\/u> Der Montagskurs umfasst 8 Termine und kostet 100,- Euro,<\/p>\n<p>der Mittwochskurs umfasst 10 Termine und kostet 125,- Euro.<\/p>\n<p>Die gesetzlichen Krankenkassen erkennen meine Qualifikationen an und erstatten auf Antrag einen Teilbetrag zur\u00fcck. Bitte \u00fcberweise Sie die Kursgeb\u00fchr vor Kursbeginn auf mein Konto bei der GLS-Bank Bochum, IBAN: DE 15 430 609 67 4024 182 900, erst dann ist der Kursplatz verbindlich reserviert. Eine Probestunde ist kostenlos, bitte vereinbaren Sie einen Termin.<\/p>\n<p><b>2.Yoga-Stammtisch<\/b><\/p>\n<p>W\u00e4hrend der Kurszeit biete ich jeden erstenMittwoch imMonat um 20.00 Uhr in der Kino-Kneipe \u201aStatt Giessen\u2018 einen Yoga-Stammtisch an, zu dem nicht nur die Kursteilnehmer, sondern jeder Interessierte eingeladen ist. Die n\u00e4chsten Termine sind: 5.4., 3.5. und 7.6. 2017 .<\/p>\n<p><b>3. Filmank\u00fcndigungen<\/b><\/p>\n<p>DIE GABE ZU HEILEN, Deutschland 2017, 102 Min. von Andreas Geiger<\/p>\n<p>im Kino Traumstern, Donnerstag, 20.4. bis Sonntag 23.4. jeweilsw um 17.00 Uhr.<\/p>\n<p>\u201e<b>DIE GABE ZU HEILEN<\/b> erz\u00e4hlt die Geschichte von Menschen, die mit ihren besonderen F\u00e4higkeiten Beschwerden ihrer Patienten lindern oder heilen k\u00f6nnen. F\u00fcnf charismatische Heiler ausd Deutschland, \u00d6sterreich und der Schweiz lassen den Zuschauer teilhaben an der Suche nach verstecktenUrsachen und bei der Anwendung von \u00fcberliefertem Heilwissen. Mit ihrer sinnlichen und \u00fcbersinnlichen Begabung therapieren sie seelische und k\u00f6rperliche Krankheiten, bei denen die klassische Medizin oft schon aufgegeben hat. Der Film zeigt, wie diese althergebrachten, obskur wirkenden Methoden eine perfekte Erg\u00e4nzung zur klassischen Schulmedizin sein k\u00f6nnten.\u201c<\/p>\n<p>(Kino Traumstern)<\/p>\n<p>Au\u00dferdem ist der Film <b>\u201edancing Beethoven\u201c<\/b> absolut empfehlenswert.<\/p>\n<p>DANCING BEETHOVEN, Schweiz\/Spanien 2016, 79 Min. von Arantxa Aquirre<\/p>\n<p>im Kino Traumstern, Donnerstag, 20.4. bis Dienstag, 25.4. jeweils um 19.00 Uhr.<\/p>\n<p>Das weltber\u00fchmte Bejart-Ballett Lausanne tanzt Beethovens Neunte Symphonie. Der Film zeigt die Entstehungsgeschichte eines der erfolgreichsten Tanzst\u00fccke des 21.Jahrhunderts und begleitet das Ensemble bei den Vorbereitungen, erl\u00e4utert die Geschichte des Werks und zeigt die Schwierigkeiten des Programms. Schon die kurzen Ausschnitte von der Auff\u00fchrung, die der Film zeigt, sind atemberaubend, leider gibt es viel zu wenige davon. Hier wird Musik genial in K\u00f6rperbewegung choreografisch umgesetzt.<\/p>\n<p>Ich w\u00fcnsche Ihnen\/Euch ein frohes Osterfest und freue mich, wenn wir uns beim Stammtisch oder in einem der Kurse sehen.<\/p>\n<p>Liebe Gr\u00fc\u00dfe,<\/p>\n<p>Ulrich Fritsch<\/p>\n","protected":false},"excerpt":{"rendered":"<p>&nbsp; Liebe Yoga-Interessierte, das eigene Leben selbst gestalten zu k\u00f6nnen geht einher mit einem starken Gef\u00fchl der Zufriedenheit und der Lust, einer Lust an einem erf\u00fcllten Leben. Dazu m\u00f6chte uns Yoga bef\u00e4higen. In der modernen Hirnforschung wird diese F\u00e4higkeit \u201aSelbststeuerung\u2018 genannt und stellt eine wesentliche Voraussetzung f\u00fcr die Entwicklung eines&hellip; <\/p>\n","protected":false},"author":2,"featured_media":0,"comment_status":"open","ping_status":"open","sticky":false,"template":"","format":"standard","meta":[],"categories":[1],"tags":[],"_links":{"self":[{"href":"http:\/\/gemeinwohlyoga.de\/index.php\/wp-json\/wp\/v2\/posts\/475"}],"collection":[{"href":"http:\/\/gemeinwohlyoga.de\/index.php\/wp-json\/wp\/v2\/posts"}],"about":[{"href":"http:\/\/gemeinwohlyoga.de\/index.php\/wp-json\/wp\/v2\/types\/post"}],"author":[{"embeddable":true,"href":"http:\/\/gemeinwohlyoga.de\/index.php\/wp-json\/wp\/v2\/users\/2"}],"replies":[{"embeddable":true,"href":"http:\/\/gemeinwohlyoga.de\/index.php\/wp-json\/wp\/v2\/comments?post=475"}],"version-history":[{"count":2,"href":"http:\/\/gemeinwohlyoga.de\/index.php\/wp-json\/wp\/v2\/posts\/475\/revisions"}],"predecessor-version":[{"id":477,"href":"http:\/\/gemeinwohlyoga.de\/index.php\/wp-json\/wp\/v2\/posts\/475\/revisions\/477"}],"wp:attachment":[{"href":"http:\/\/gemeinwohlyoga.de\/index.php\/wp-json\/wp\/v2\/media?parent=475"}],"wp:term":[{"taxonomy":"category","embeddable":true,"href":"http:\/\/gemeinwohlyoga.de\/index.php\/wp-json\/wp\/v2\/categories?post=475"},{"taxonomy":"post_tag","embeddable":true,"href":"http:\/\/gemeinwohlyoga.de\/index.php\/wp-json\/wp\/v2\/tags?post=475"}],"curies":[{"name":"wp","href":"https:\/\/api.w.org\/{rel}","templated":true}]}}