{"id":363,"date":"2016-08-16T08:51:47","date_gmt":"2016-08-16T06:51:47","guid":{"rendered":"http:\/\/gemeinwohlyoga.de\/?p=363"},"modified":"2016-08-24T12:34:22","modified_gmt":"2016-08-24T10:34:22","slug":"zum-tod-von-tkv-desikachar","status":"publish","type":"post","link":"http:\/\/gemeinwohlyoga.de\/index.php\/2016\/08\/16\/zum-tod-von-tkv-desikachar\/","title":{"rendered":"Zum Tod von TKV Desikachar"},"content":{"rendered":"<h2>Der Yoga des Augenblicks &#8211; Zum Tod von TKV Desikachar<\/h2>\n<p>In der Nacht zum Montag, den 8. August, ist der weltbekannte Yogalehrer TKV Desikachar in Chennai\/Indien im Alter von 78 Jahren gestorben. \u00dcber viele Jahrzehnte hat er den Yoga uns westlich gepr\u00e4gten Menschen zug\u00e4nglich gemacht. Sein Verdienst ist es, den Yoga als ein dynamisches, st\u00e4ndig in Ver\u00e4nderung begriffenes und weltoffenes System vermittelt zu haben mit dem einzigen Ziel, Menschen in ihrem Leben weniger Leid und mehr Sinn in einem menschenw\u00fcrdigen Zusammenleben finden zu lassen.<br \/>\nTKV Desikachar war von Beruf Ingenieur und ist erst mit Anfang Drei\u00dfig zum Yoga gekommen, obwohl er in einer Familie aufgewachsen war, die sehr traditionsbewusst war und eine der bedeutendsten Yogalinien in Indien verk\u00f6rperte. Aufgewachsen in einem Indien nach der Unabh\u00e4ngigkeit, einer Zeit, in der Tradition und Vergangenheit idealisiert und extrem gesch\u00e4tzt wurden, wandte sich Desikachar gegen diesen Trend und setzte auf den \u201egegenw\u00e4rtigen Augenblick\u201c und auf das Menschliche. Lange Jahre hatte er sich geweigert, sich mit Yoga zu besch\u00e4ftigen. Erst nachdem er erlebt hatte, wie sein Vater, der legend\u00e4re T.Krishnamacharya ( vielen Menschen bekannt durch den Film: \u201eDer atmende Gott\u201c &#8211; Reise zum Ursprung des modernen Yoga, 2012) kranken Menschen damit half, lies er sich von seinem Vater unterweisen \u2013 aber nur unter der Bedingung, dass sein Vater auf alle religi\u00f6s-spirituellen Inhalte verzichtet. Es war die Entdeckung, dass Yoga ein Werkzeug f\u00fcr Gesundheit und Heilung sein konnte, die ihn dazu brachte. Er beanspruchte weder die altehrw\u00fcrdige Tradition noch ein ewigen Wissen f\u00fcr den Yoga. F\u00fcr ihn gab es nur eine Tradition: dass Menschen immer wieder leiden und die ewige Sehnsucht und Suche nach Gl\u00fcck, das im Leben erreicht werden kann. Und so wurde das Verringern von Leid zum Gegenstand seines lebenslangen Bem\u00fchens.<\/p>\n","protected":false},"excerpt":{"rendered":"<p>Der Yoga des Augenblicks &#8211; Zum Tod von TKV Desikachar In der Nacht zum Montag, den 8. August, ist der weltbekannte Yogalehrer TKV Desikachar in Chennai\/Indien im Alter von 78 Jahren gestorben. \u00dcber viele Jahrzehnte hat er den Yoga uns westlich gepr\u00e4gten Menschen zug\u00e4nglich gemacht. Sein Verdienst ist es, den&hellip; <\/p>\n","protected":false},"author":2,"featured_media":0,"comment_status":"closed","ping_status":"open","sticky":false,"template":"","format":"standard","meta":[],"categories":[6],"tags":[],"_links":{"self":[{"href":"http:\/\/gemeinwohlyoga.de\/index.php\/wp-json\/wp\/v2\/posts\/363"}],"collection":[{"href":"http:\/\/gemeinwohlyoga.de\/index.php\/wp-json\/wp\/v2\/posts"}],"about":[{"href":"http:\/\/gemeinwohlyoga.de\/index.php\/wp-json\/wp\/v2\/types\/post"}],"author":[{"embeddable":true,"href":"http:\/\/gemeinwohlyoga.de\/index.php\/wp-json\/wp\/v2\/users\/2"}],"replies":[{"embeddable":true,"href":"http:\/\/gemeinwohlyoga.de\/index.php\/wp-json\/wp\/v2\/comments?post=363"}],"version-history":[{"count":1,"href":"http:\/\/gemeinwohlyoga.de\/index.php\/wp-json\/wp\/v2\/posts\/363\/revisions"}],"predecessor-version":[{"id":364,"href":"http:\/\/gemeinwohlyoga.de\/index.php\/wp-json\/wp\/v2\/posts\/363\/revisions\/364"}],"wp:attachment":[{"href":"http:\/\/gemeinwohlyoga.de\/index.php\/wp-json\/wp\/v2\/media?parent=363"}],"wp:term":[{"taxonomy":"category","embeddable":true,"href":"http:\/\/gemeinwohlyoga.de\/index.php\/wp-json\/wp\/v2\/categories?post=363"},{"taxonomy":"post_tag","embeddable":true,"href":"http:\/\/gemeinwohlyoga.de\/index.php\/wp-json\/wp\/v2\/tags?post=363"}],"curies":[{"name":"wp","href":"https:\/\/api.w.org\/{rel}","templated":true}]}}